{"id":2963,"date":"2015-09-30T18:55:14","date_gmt":"2015-09-30T18:55:14","guid":{"rendered":"http:\/\/www.stefanhammel.com\/blog\/?p=2963"},"modified":"2015-09-30T18:57:02","modified_gmt":"2015-09-30T18:57:02","slug":"le-myome","status":"publish","type":"post","link":"https:\/\/www.stefanhammel.com\/blog\/2015\/09\/30\/2963\/","title":{"rendered":"Le myome"},"content":{"rendered":"<p>J\u2019ai dit \u00e0 l\u2019amie \u00ab quand tu te r\u00e9veilleras cette apr\u00e8s-midi \u00bb l\u2019op\u00e9ration sera pass\u00e9e et le myome sera parti. Tu t\u2019es demand\u00e9 s\u2019il y a eu un \u00e9l\u00e9ment d\u00e9clencheur pour son origine. En fait peu importe ce qu\u2019il y avait \u00e0 l\u2019origine. Ce que tu peux faire c\u2019est la chose suivante : Rappelle-toi des exp\u00e9riences accablantes et peut-\u00eatre traumatisantes et d\u2019autres choses que tu veux l\u00e2cher et dont tu veux te d\u00e9barrasser. En pens\u00e9e, mets tout ce dont tu n\u2019as plus besoin dans le myome. Et quand tu te r\u00e9veilleras cette apr\u00e8s-midi tu les auras toutes envoy\u00e9es sur le chemin. \u00bb L\u2019amie a d\u00e9clar\u00e9 plus tard qu\u2019elle avait r\u00e9alis\u00e9 la proposition et avait transf\u00e9r\u00e9 dans le myome ses r\u00e9actions aux diff\u00e9rentes exp\u00e9riences accablantes de son pass\u00e9. Elle a v\u00e9cu cette approche comme lib\u00e9ratrice. Apr\u00e8s l\u2019op\u00e9ration elle s\u2019est vite remise et s\u2019est sentie plus forte et plus active que dans les mois pr\u00e9c\u00e9dents.<\/p>\n<p>Pour cette intervention th\u00e9rapeutique il y a beaucoup de variations dependant sur la situation unique d&#8217;une traitement : On peut mettre le trauma en cas de gastro ou de boulimie dans le contenu de l\u2019estomac, en cas de chimio dans les cheveux, le lib\u00e9rer pendant le passage aux toilettes \u2026<\/p>\n","protected":false},"excerpt":{"rendered":"<p>J\u2019ai dit \u00e0 l\u2019amie \u00ab quand tu te r\u00e9veilleras cette apr\u00e8s-midi \u00bb l\u2019op\u00e9ration sera pass\u00e9e et le myome sera parti. Tu t\u2019es demand\u00e9 s\u2019il y a eu un \u00e9l\u00e9ment d\u00e9clencheur pour son origine. En fait peu importe ce qu\u2019il y &hellip; <a href=\"https:\/\/www.stefanhammel.com\/blog\/2015\/09\/30\/2963\/\">Continue reading <span class=\"meta-nav\">&rarr;<\/span><\/a><\/p>\n","protected":false},"author":2,"featured_media":0,"comment_status":"open","ping_status":"open","sticky":false,"template":"","format":"standard","meta":{"footnotes":""},"categories":[281,210,215,283,229,284],"tags":[],"class_list":["post-2963","post","type-post","status-publish","format-standard","hentry","category-francais","category-medicine","category-ritual","category-surgery","category-trauma","category-tumor"],"_links":{"self":[{"href":"https:\/\/www.stefanhammel.com\/blog\/wp-json\/wp\/v2\/posts\/2963","targetHints":{"allow":["GET"]}}],"collection":[{"href":"https:\/\/www.stefanhammel.com\/blog\/wp-json\/wp\/v2\/posts"}],"about":[{"href":"https:\/\/www.stefanhammel.com\/blog\/wp-json\/wp\/v2\/types\/post"}],"author":[{"embeddable":true,"href":"https:\/\/www.stefanhammel.com\/blog\/wp-json\/wp\/v2\/users\/2"}],"replies":[{"embeddable":true,"href":"https:\/\/www.stefanhammel.com\/blog\/wp-json\/wp\/v2\/comments?post=2963"}],"version-history":[{"count":3,"href":"https:\/\/www.stefanhammel.com\/blog\/wp-json\/wp\/v2\/posts\/2963\/revisions"}],"predecessor-version":[{"id":2965,"href":"https:\/\/www.stefanhammel.com\/blog\/wp-json\/wp\/v2\/posts\/2963\/revisions\/2965"}],"wp:attachment":[{"href":"https:\/\/www.stefanhammel.com\/blog\/wp-json\/wp\/v2\/media?parent=2963"}],"wp:term":[{"taxonomy":"category","embeddable":true,"href":"https:\/\/www.stefanhammel.com\/blog\/wp-json\/wp\/v2\/categories?post=2963"},{"taxonomy":"post_tag","embeddable":true,"href":"https:\/\/www.stefanhammel.com\/blog\/wp-json\/wp\/v2\/tags?post=2963"}],"curies":[{"name":"wp","href":"https:\/\/api.w.org\/{rel}","templated":true}]}}